{"@context":"https:\/\/schema.org\/","@type":"CollectionPage","@id":"https:\/\/www.thtex.cz\/produkty\/#CollectionPage","headline":"Produkty Category","description":"","url":"https:\/\/www.thtex.cz\/produkty\/","hasPart":[{"@type":"Article","@id":"https:\/\/www.thtex.cz\/cim-nahradit-viagru-a-jak-celkove-zlepsit-erekci\/","headline":"\u010c\u00edm nahradit Viagru a jak celkov\u011b zlep\u0161it erekci","url":"https:\/\/www.thtex.cz\/cim-nahradit-viagru-a-jak-celkove-zlepsit-erekci\/","datePublished":"2023-02-10","dateModified":"2023-05-11","mainEntityOfPage":"https:\/\/www.thtex.cz\/cim-nahradit-viagru-a-jak-celkove-zlepsit-erekci\/","author":{"@type":"Person","@id":"https:\/\/www.thtex.cz\/author\/#Person","name":"","url":"https:\/\/www.thtex.cz\/author\/","identifier":1,"image":{"@type":"ImageObject","@id":"https:\/\/secure.gravatar.com\/avatar\/774cfd57496a9f02284489749b4229073861faca9d8a66df7d65507a77c5d31f?s=96&d=mm&r=g","url":"https:\/\/secure.gravatar.com\/avatar\/774cfd57496a9f02284489749b4229073861faca9d8a66df7d65507a77c5d31f?s=96&d=mm&r=g","height":96,"width":96}},"publisher":{"@type":"Organization","name":"thtex.cz","logo":{"@type":"ImageObject","@id":"\/logo.png","url":"\/logo.png","width":600,"height":60}},"image":{"@type":"ImageObject","@id":"https:\/\/www.thtex.cz\/wp-content\/uploads\/thai-ginseng-g71bd91769_640.jpg","url":"https:\/\/www.thtex.cz\/wp-content\/uploads\/thai-ginseng-g71bd91769_640.jpg","height":0,"width":0},"keywords":null},{"@type":"Article","@id":"https:\/\/www.thtex.cz\/kavarna-v-hradci-kralove-vas-zve-k-posezeni-u-kvetinove-steny\/","headline":"Kav\u00e1rna v Hradci Kr\u00e1lov\u00e9 v\u00e1s zve k posezen\u00ed u kv\u011btinov\u00e9 st\u011bny","url":"https:\/\/www.thtex.cz\/kavarna-v-hradci-kralove-vas-zve-k-posezeni-u-kvetinove-steny\/","datePublished":"2022-07-23","dateModified":"2023-05-11","mainEntityOfPage":"https:\/\/www.thtex.cz\/kavarna-v-hradci-kralove-vas-zve-k-posezeni-u-kvetinove-steny\/","author":{"@type":"Person","@id":"https:\/\/www.thtex.cz\/author\/#Person","name":"","url":"https:\/\/www.thtex.cz\/author\/","identifier":1,"image":{"@type":"ImageObject","@id":"https:\/\/secure.gravatar.com\/avatar\/774cfd57496a9f02284489749b4229073861faca9d8a66df7d65507a77c5d31f?s=96&d=mm&r=g","url":"https:\/\/secure.gravatar.com\/avatar\/774cfd57496a9f02284489749b4229073861faca9d8a66df7d65507a77c5d31f?s=96&d=mm&r=g","height":96,"width":96}},"publisher":{"@type":"Organization","name":"thtex.cz","logo":{"@type":"ImageObject","@id":"\/logo.png","url":"\/logo.png","width":600,"height":60}},"image":{"@type":"ImageObject","@id":"https:\/\/www.thtex.cz\/wp-content\/uploads\/man-2557408_640.jpg","url":"https:\/\/www.thtex.cz\/wp-content\/uploads\/man-2557408_640.jpg","height":0,"width":0},"keywords":null},{"@type":"Article","@id":"https:\/\/www.thtex.cz\/pripravte-svoji-plet-na-zimu\/","headline":"P\u0159ipravte svoji ple\u0165 na zimu","url":"https:\/\/www.thtex.cz\/pripravte-svoji-plet-na-zimu\/","datePublished":"2022-07-16","dateModified":"2023-05-11","mainEntityOfPage":"https:\/\/www.thtex.cz\/pripravte-svoji-plet-na-zimu\/","author":{"@type":"Person","@id":"https:\/\/www.thtex.cz\/author\/#Person","name":"","url":"https:\/\/www.thtex.cz\/author\/","identifier":1,"image":{"@type":"ImageObject","@id":"https:\/\/secure.gravatar.com\/avatar\/774cfd57496a9f02284489749b4229073861faca9d8a66df7d65507a77c5d31f?s=96&d=mm&r=g","url":"https:\/\/secure.gravatar.com\/avatar\/774cfd57496a9f02284489749b4229073861faca9d8a66df7d65507a77c5d31f?s=96&d=mm&r=g","height":96,"width":96}},"publisher":{"@type":"Organization","name":"thtex.cz","logo":{"@type":"ImageObject","@id":"\/logo.png","url":"\/logo.png","width":600,"height":60}},"image":{"@type":"ImageObject","@id":"https:\/\/www.thtex.cz\/wp-content\/uploads\/%C5%BEena%20v%20kab%C3%A1tu_1.jpg","url":"https:\/\/www.thtex.cz\/wp-content\/uploads\/%C5%BEena%20v%20kab%C3%A1tu_1.jpg","height":0,"width":0},"keywords":null},{"@type":"Article","@id":"https:\/\/www.thtex.cz\/vyrobte-si-jarni-venecek-na-dvere\/","headline":"Vyrobte si jarn\u00ed v\u011bne\u010dek na dve\u0159e","url":"https:\/\/www.thtex.cz\/vyrobte-si-jarni-venecek-na-dvere\/","datePublished":"2022-03-30","dateModified":"2023-05-11","mainEntityOfPage":"https:\/\/www.thtex.cz\/vyrobte-si-jarni-venecek-na-dvere\/","author":{"@type":"Person","@id":"https:\/\/www.thtex.cz\/author\/#Person","name":"","url":"https:\/\/www.thtex.cz\/author\/","identifier":1,"image":{"@type":"ImageObject","@id":"https:\/\/secure.gravatar.com\/avatar\/774cfd57496a9f02284489749b4229073861faca9d8a66df7d65507a77c5d31f?s=96&d=mm&r=g","url":"https:\/\/secure.gravatar.com\/avatar\/774cfd57496a9f02284489749b4229073861faca9d8a66df7d65507a77c5d31f?s=96&d=mm&r=g","height":96,"width":96}},"publisher":{"@type":"Organization","name":"thtex.cz","logo":{"@type":"ImageObject","@id":"\/logo.png","url":"\/logo.png","width":600,"height":60}},"image":{"@type":"ImageObject","@id":"https:\/\/www.thtex.cz\/wp-content\/uploads\/v%C4%9Bne%C4%8Dek.jpg","url":"https:\/\/www.thtex.cz\/wp-content\/uploads\/v%C4%9Bne%C4%8Dek.jpg","height":0,"width":0},"keywords":null},{"@type":"Article","@id":"https:\/\/www.thtex.cz\/jedinecne-a-originalni-sperky-pro-vyznamne-zivotni-udalosti\/","headline":"Jedine\u010dn\u00e9 a origin\u00e1ln\u00ed \u0161perky pro v\u00fdznamn\u00e9 \u017eivotn\u00ed ud\u00e1losti","url":"https:\/\/www.thtex.cz\/jedinecne-a-originalni-sperky-pro-vyznamne-zivotni-udalosti\/","datePublished":"2022-03-28","dateModified":"2023-05-11","mainEntityOfPage":"https:\/\/www.thtex.cz\/jedinecne-a-originalni-sperky-pro-vyznamne-zivotni-udalosti\/","author":{"@type":"Person","@id":"https:\/\/www.thtex.cz\/author\/#Person","name":"","url":"https:\/\/www.thtex.cz\/author\/","identifier":1,"image":{"@type":"ImageObject","@id":"https:\/\/secure.gravatar.com\/avatar\/774cfd57496a9f02284489749b4229073861faca9d8a66df7d65507a77c5d31f?s=96&d=mm&r=g","url":"https:\/\/secure.gravatar.com\/avatar\/774cfd57496a9f02284489749b4229073861faca9d8a66df7d65507a77c5d31f?s=96&d=mm&r=g","height":96,"width":96}},"publisher":{"@type":"Organization","name":"thtex.cz","logo":{"@type":"ImageObject","@id":"\/logo.png","url":"\/logo.png","width":600,"height":60}},"image":{"@type":"ImageObject","@id":"https:\/\/www.thtex.cz\/wp-content\/uploads\/jewellery-g60a07d553_640_1.jpg","url":"https:\/\/www.thtex.cz\/wp-content\/uploads\/jewellery-g60a07d553_640_1.jpg","height":0,"width":0},"keywords":null},{"@type":"Article","@id":"https:\/\/www.thtex.cz\/jedinecny-tip-na-lov-dravcu\/","headline":"Jedine\u010dn\u00fd tip na lov dravc\u016f","url":"https:\/\/www.thtex.cz\/jedinecny-tip-na-lov-dravcu\/","datePublished":"2022-01-21","dateModified":"2023-05-11","mainEntityOfPage":"https:\/\/www.thtex.cz\/jedinecny-tip-na-lov-dravcu\/","author":{"@type":"Person","@id":"https:\/\/www.thtex.cz\/author\/#Person","name":"","url":"https:\/\/www.thtex.cz\/author\/","identifier":1,"image":{"@type":"ImageObject","@id":"https:\/\/secure.gravatar.com\/avatar\/774cfd57496a9f02284489749b4229073861faca9d8a66df7d65507a77c5d31f?s=96&d=mm&r=g","url":"https:\/\/secure.gravatar.com\/avatar\/774cfd57496a9f02284489749b4229073861faca9d8a66df7d65507a77c5d31f?s=96&d=mm&r=g","height":96,"width":96}},"publisher":{"@type":"Organization","name":"thtex.cz","logo":{"@type":"ImageObject","@id":"\/logo.png","url":"\/logo.png","width":600,"height":60}},"image":{"@type":"ImageObject","@id":"https:\/\/www.thtex.cz\/wp-content\/uploads\/lov%20privlaci.jpg","url":"https:\/\/www.thtex.cz\/wp-content\/uploads\/lov%20privlaci.jpg","height":0,"width":0},"keywords":null},{"@type":"Article","@id":"https:\/\/www.thtex.cz\/podlehnete-kouzlu-a-originalite-kardiganu\/","headline":"Podlehn\u011bte kouzlu a originalit\u011b kardigan\u016f","url":"https:\/\/www.thtex.cz\/podlehnete-kouzlu-a-originalite-kardiganu\/","datePublished":"2022-01-15","dateModified":"2023-05-11","mainEntityOfPage":"https:\/\/www.thtex.cz\/podlehnete-kouzlu-a-originalite-kardiganu\/","author":{"@type":"Person","@id":"https:\/\/www.thtex.cz\/author\/#Person","name":"","url":"https:\/\/www.thtex.cz\/author\/","identifier":1,"image":{"@type":"ImageObject","@id":"https:\/\/secure.gravatar.com\/avatar\/774cfd57496a9f02284489749b4229073861faca9d8a66df7d65507a77c5d31f?s=96&d=mm&r=g","url":"https:\/\/secure.gravatar.com\/avatar\/774cfd57496a9f02284489749b4229073861faca9d8a66df7d65507a77c5d31f?s=96&d=mm&r=g","height":96,"width":96}},"publisher":{"@type":"Organization","name":"thtex.cz","logo":{"@type":"ImageObject","@id":"\/logo.png","url":"\/logo.png","width":600,"height":60}},"image":{"@type":"ImageObject","@id":"https:\/\/www.thtex.cz\/wp-content\/uploads\/pexels-photo-6115354.jpg","url":"https:\/\/www.thtex.cz\/wp-content\/uploads\/pexels-photo-6115354.jpg","height":0,"width":0},"keywords":null},{"@type":"Article","@id":"https:\/\/www.thtex.cz\/starejte-se-o-svoje-rucniky\/","headline":"Starejte se o svoje ru\u010dn\u00edky","url":"https:\/\/www.thtex.cz\/starejte-se-o-svoje-rucniky\/","datePublished":"2021-12-26","dateModified":"2023-05-11","mainEntityOfPage":"https:\/\/www.thtex.cz\/starejte-se-o-svoje-rucniky\/","author":{"@type":"Person","@id":"https:\/\/www.thtex.cz\/author\/#Person","name":"","url":"https:\/\/www.thtex.cz\/author\/","identifier":1,"image":{"@type":"ImageObject","@id":"https:\/\/secure.gravatar.com\/avatar\/774cfd57496a9f02284489749b4229073861faca9d8a66df7d65507a77c5d31f?s=96&d=mm&r=g","url":"https:\/\/secure.gravatar.com\/avatar\/774cfd57496a9f02284489749b4229073861faca9d8a66df7d65507a77c5d31f?s=96&d=mm&r=g","height":96,"width":96}},"publisher":{"@type":"Organization","name":"thtex.cz","logo":{"@type":"ImageObject","@id":"\/logo.png","url":"\/logo.png","width":600,"height":60}},"image":{"@type":"ImageObject","@id":"https:\/\/www.thtex.cz\/wp-content\/uploads\/bathroom-3245330_1280_1.jpg","url":"https:\/\/www.thtex.cz\/wp-content\/uploads\/bathroom-3245330_1280_1.jpg","height":0,"width":0},"keywords":null},{"@type":"Article","@id":"https:\/\/www.thtex.cz\/jsi-chlap-a-vadi-ti-tvoje-bricho-tak-s-tim-pojd-neco-udelat\/","headline":"Jsi chlap? A vad\u00ed ti tvoje b\u0159icho? Tak s t\u00edm poj\u010f n\u011bco ud\u011blat!","url":"https:\/\/www.thtex.cz\/jsi-chlap-a-vadi-ti-tvoje-bricho-tak-s-tim-pojd-neco-udelat\/","datePublished":"2021-11-02","dateModified":"2023-05-11","mainEntityOfPage":"https:\/\/www.thtex.cz\/jsi-chlap-a-vadi-ti-tvoje-bricho-tak-s-tim-pojd-neco-udelat\/","author":{"@type":"Person","@id":"https:\/\/www.thtex.cz\/author\/#Person","name":"","url":"https:\/\/www.thtex.cz\/author\/","identifier":1,"image":{"@type":"ImageObject","@id":"https:\/\/secure.gravatar.com\/avatar\/774cfd57496a9f02284489749b4229073861faca9d8a66df7d65507a77c5d31f?s=96&d=mm&r=g","url":"https:\/\/secure.gravatar.com\/avatar\/774cfd57496a9f02284489749b4229073861faca9d8a66df7d65507a77c5d31f?s=96&d=mm&r=g","height":96,"width":96}},"publisher":{"@type":"Organization","name":"thtex.cz","logo":{"@type":"ImageObject","@id":"\/logo.png","url":"\/logo.png","width":600,"height":60}},"image":{"@type":"ImageObject","@id":"https:\/\/www.thtex.cz\/wp-content\/uploads\/soubooor.jpg","url":"https:\/\/www.thtex.cz\/wp-content\/uploads\/soubooor.jpg","height":0,"width":0},"keywords":null},{"@type":"Article","@id":"https:\/\/www.thtex.cz\/vybirame-zabradli-na-schodiste\/","headline":"Vyb\u00edr\u00e1me z\u00e1bradl\u00ed na schodi\u0161t\u011b","url":"https:\/\/www.thtex.cz\/vybirame-zabradli-na-schodiste\/","datePublished":"2021-09-11","dateModified":"2023-05-11","mainEntityOfPage":"https:\/\/www.thtex.cz\/vybirame-zabradli-na-schodiste\/","author":{"@type":"Person","@id":"https:\/\/www.thtex.cz\/author\/#Person","name":"","url":"https:\/\/www.thtex.cz\/author\/","identifier":1,"image":{"@type":"ImageObject","@id":"https:\/\/secure.gravatar.com\/avatar\/774cfd57496a9f02284489749b4229073861faca9d8a66df7d65507a77c5d31f?s=96&d=mm&r=g","url":"https:\/\/secure.gravatar.com\/avatar\/774cfd57496a9f02284489749b4229073861faca9d8a66df7d65507a77c5d31f?s=96&d=mm&r=g","height":96,"width":96}},"publisher":{"@type":"Organization","name":"thtex.cz","logo":{"@type":"ImageObject","@id":"\/logo.png","url":"\/logo.png","width":600,"height":60}},"image":{"@type":"ImageObject","@id":"https:\/\/www.thtex.cz\/wp-content\/uploads\/pexels-vecislavas-popa-1571458_1.jpg","url":"https:\/\/www.thtex.cz\/wp-content\/uploads\/pexels-vecislavas-popa-1571458_1.jpg","height":0,"width":0},"keywords":null}]}