[{"@context":"https:\/\/schema.org\/","@type":"Article","@id":"https:\/\/www.thtex.cz\/prodej-firem\/#Article","mainEntityOfPage":"https:\/\/www.thtex.cz\/prodej-firem\/","headline":"Prodej firem","name":"Prodej firem","description":"Chcete za\u010d\u00edt podnikat, ale \u0159e\u0161\u00edte probl\u00e9m se s\u00eddlem firmy? Na\u0161e spole\u010dnost pro V\u00e1s zajist\u00ed nejenom prodej firem, ale tak\u00e9 i poskytnut\u00ed s\u00eddla a s t\u00edm &hellip; ","datePublished":"2025-01-04","dateModified":"2025-01-04","author":{"@type":"Person","@id":"https:\/\/www.thtex.cz\/author\/#Person","name":"","url":"https:\/\/www.thtex.cz\/author\/","identifier":1,"image":{"@type":"ImageObject","@id":"https:\/\/secure.gravatar.com\/avatar\/774cfd57496a9f02284489749b4229073861faca9d8a66df7d65507a77c5d31f?s=96&d=mm&r=g","url":"https:\/\/secure.gravatar.com\/avatar\/774cfd57496a9f02284489749b4229073861faca9d8a66df7d65507a77c5d31f?s=96&d=mm&r=g","height":96,"width":96}},"publisher":{"@type":"Organization","name":"thtex.cz","logo":{"@type":"ImageObject","@id":"\/logo.png","url":"\/logo.png","width":600,"height":60}},"url":"https:\/\/www.thtex.cz\/prodej-firem\/","wordCount":185,"articleBody":"Chcete za\u010d\u00edt podnikat, ale \u0159e\u0161\u00edte probl\u00e9m se s\u00eddlem firmy? Na\u0161e spole\u010dnost pro V\u00e1s zajist\u00ed nejenom prodej firem, ale tak\u00e9 i poskytnut\u00ed s\u00eddla a s t\u00edm spojen\u00e9 dal\u0161\u00ed slu\u017eby. Na prodej firem a pomoc s jejich zakl\u00e1d\u00e1n\u00edm jsme se zam\u011b\u0159ili ji\u017e p\u0159ed n\u011bkolika lety a neust\u00e1le roz\u0161i\u0159ujeme nab\u00eddku v\u0161ech na\u0161ich slu\u017eeb. Krom\u011b klasick\u00fdch \u010desk\u00fdch spole\u010dnost\u00ed (spole\u010dnosti s ru\u010den\u00edm omezen\u00fdm, akciov\u00e9 spole\u010dnosti a evropsk\u00e9 spole\u010dnosti) V\u00e1m nab\u00edz\u00edme i spole\u010dnosti zahrani\u010dn\u00ed. Prodej firem a poskytnut\u00ed s\u00eddla Prodej firem jsme samoz\u0159ejm\u011b doplnili i o mo\u017enost poskytnut\u00ed s\u00eddla. P\u0159i koupi firmy tedy m\u016f\u017eete zm\u011bnit s\u00eddlo Va\u0161\u00ed nov\u00e9 spole\u010dnosti, ale tak\u00e9 vyu\u017e\u00edt s\u00eddlo, kter\u00e9 pro V\u00e1s zajist\u00edme my. S t\u00edmto s\u00eddlem je spojeno tak\u00e9 p\u0159eb\u00edr\u00e1n\u00ed a p\u0159epos\u00edl\u00e1n\u00ed po\u0161ty nebo mo\u017enost vyu\u017eit\u00ed konferen\u010dn\u00edch a zasedac\u00edch prostor.                                                                                                                                                                                                                                                                                                                                                                                        4.3\/5 - (6 votes)        "},{"@context":"https:\/\/schema.org\/","@type":"BreadcrumbList","itemListElement":[{"@type":"ListItem","position":1,"name":"Prodej firem","item":"https:\/\/www.thtex.cz\/prodej-firem\/#breadcrumbitem"}]}]