[{"@context":"https:\/\/schema.org\/","@type":"Article","@id":"https:\/\/www.thtex.cz\/jake-jsou-modni-trendy-pro-rok-2023\/#Article","mainEntityOfPage":"https:\/\/www.thtex.cz\/jake-jsou-modni-trendy-pro-rok-2023\/","headline":"Jak\u00e9 jsou m\u00f3dn\u00ed trendy pro rok 2023?","name":"Jak\u00e9 jsou m\u00f3dn\u00ed trendy pro rok 2023?","description":"Jak\u00e9 jsou novinky a \u010deho se nezbavujte? Jak\u00e9 modely vynesly modelky na p\u0159ehl\u00eddkov\u00fdch molech a jak\u00e9 jsou fashion novinky? A jak\u00e9 st\u00e1lice m\u00e1te ponechat ve &hellip; ","datePublished":"2022-03-31","dateModified":"2023-05-11","author":{"@type":"Person","@id":"https:\/\/www.thtex.cz\/author\/#Person","name":"","url":"https:\/\/www.thtex.cz\/author\/","identifier":1,"image":{"@type":"ImageObject","@id":"https:\/\/secure.gravatar.com\/avatar\/774cfd57496a9f02284489749b4229073861faca9d8a66df7d65507a77c5d31f?s=96&d=mm&r=g","url":"https:\/\/secure.gravatar.com\/avatar\/774cfd57496a9f02284489749b4229073861faca9d8a66df7d65507a77c5d31f?s=96&d=mm&r=g","height":96,"width":96}},"publisher":{"@type":"Organization","name":"thtex.cz","logo":{"@type":"ImageObject","@id":"\/logo.png","url":"\/logo.png","width":600,"height":60}},"image":{"@type":"ImageObject","@id":"https:\/\/www.thtex.cz\/wp-content\/uploads\/catwalk-g3ce8121b5_640_2.jpg","url":"https:\/\/www.thtex.cz\/wp-content\/uploads\/catwalk-g3ce8121b5_640_2.jpg","height":0,"width":0},"url":"https:\/\/www.thtex.cz\/jake-jsou-modni-trendy-pro-rok-2023\/","about":["M\u00f3da\r"],"wordCount":408,"articleBody":"Jak\u00e9 jsou novinky a \u010deho se nezbavujte?Jak\u00e9 modely vynesly modelky na p\u0159ehl\u00eddkov\u00fdch molech a jak\u00e9 jsou fashion novinky?A jak\u00e9 st\u00e1lice m\u00e1te ponechat ve sk\u0159\u00edni?Ponechte si z\u00e1kladNa jednu stranu je udr\u017eitelnost i v m\u00f3d\u011b u\u017e dnes \u010dasto sklo\u0148ovan\u00e9 slovo. Na druhou stranu se ka\u017ed\u00fd rok vyroj\u00ed nov\u00e9 trendy. Abyste ov\u0161em ka\u017ed\u00fd rok nemusela m\u011bnit komplet \u0161atn\u00edk, co\u017e by nebylo ani ekologick\u00e9 ani finan\u010dn\u011b v\u00fdhodn\u00e9, vyplat\u00ed se m\u00edt v \u0161atn\u00edku n\u011bkolik z\u00e1kladn\u00edch kousk\u016f. Z t\u011bch byste m\u011bla sestavit stylov\u00fd outfit, a\u0165 je jak\u00fdkoliv rok a doplnit ho nov\u00fdmi trendy kousky.A jak\u00e9 z\u00e1kladn\u00ed kousky to jsou:dokonale padnouc\u00ed d\u017e\u00ednyb\u00edl\u00e9 a \u010dern\u00e9 basic tri\u010dkob\u00edlou ko\u0161ilileg\u00ednypruhovan\u00fd svetrko\u017eenou bundu neboli k\u0159iv\u00e1khn\u011bd\u00fd kab\u00e1tBarva roku 2023Ka\u017ed\u00fd rok vyhla\u0161uje spole\u010dnost Pantone barvu roku. Loni to byla fialov\u00e1 Very Peri a pro rok 2023 je barva roku: Viva Magenta, co\u017e je \u010derven\u00fd odst\u00edn s n\u00e1dechem do fuchsiov\u00e9.Tato barva mimo jin\u00e9 symbolizuje:s\u00edluodvahunad\u011bjienergii a odhodl\u00e1n\u00edP\u0159in\u00e9st m\u00e1 optimistickou a radostnou n\u00e1ladu, co\u017e ocen\u00ed jist\u011b ka\u017ed\u00fd.\u00a0Co nosit v l\u00e9t\u011b?Na m\u00f3dn\u00edch p\u0159ehl\u00eddk\u00e1ch se to jen bly\u0161tilo. In budou elegantn\u00ed, zlat\u00e9 kousky. \u0160et\u0159it nemus\u00edte ani s flitry, kam\u00ednky a t\u0159\u00e1sn\u011bmi. V hork\u00fdch letn\u00edch dnech se nebojte pr\u016fhledn\u00e9ho topu a jestli\u017ee um\u00edte h\u00e1\u010dkovat, spojte p\u0159\u00edjemn\u00e9 s u\u017eite\u010dn\u00fdm. Cool toti\u017e i nad\u00e1le budou h\u00e1\u010dkovan\u00e9 kousky. A\u017e si jeden takov\u00fd uh\u00e1\u010dkujete skv\u011ble v n\u011bm vynikne va\u0161e op\u00e1len\u00e1 poko\u017eka.\u00a0Tip: denim z\u016fst\u00e1v\u00e1 cool i tento rok, nebojte se ho kombinovat. S ji\u017e zmi\u0148ovan\u00fdm pr\u016fhledn\u00fdm nebo h\u00e1\u010dkovan\u00fdm topem budete nep\u0159ehl\u00e9dnuteln\u00e1.Co nosit v zim\u011b?Na zimu si je\u0161t\u011b chv\u00edli po\u010dk\u00e1me, ale u\u017e nyn\u00ed v\u00edme co bude IN. Z barev to bude elegantn\u00ed b\u00edl\u00e1, \u010dern\u00e1, syt\u011b modr\u00e1, \u010derven\u00e1, r\u016f\u017eov\u00e1 a zemit\u00e9 odst\u00edny. Typick\u00e9 op\u011bt bude vrstven\u00ed oble\u010den\u00ed, kdy prim budou hr\u00e1t kvalitn\u00ed vln\u011bn\u00e9 svetry, kousky z ka\u0161m\u00edru a hedv\u00e1b\u00ed a ko\u017een\u00e9 kalhoty.\u00a0                                                                                                                                                                                                                                                                                                                                                                                        4.3\/5 - (13 votes)        "},{"@context":"https:\/\/schema.org\/","@type":"BreadcrumbList","itemListElement":[{"@type":"ListItem","position":1,"name":"Jak\u00e9 jsou m\u00f3dn\u00ed trendy pro rok 2023?","item":"https:\/\/www.thtex.cz\/jake-jsou-modni-trendy-pro-rok-2023\/#breadcrumbitem"}]}]