[{"@context":"https:\/\/schema.org\/","@type":"Article","@id":"https:\/\/www.thtex.cz\/do-recka-na-nejkrasnejsi-plaze-v-evrope\/#Article","mainEntityOfPage":"https:\/\/www.thtex.cz\/do-recka-na-nejkrasnejsi-plaze-v-evrope\/","headline":"Do \u0158ecka na nejkr\u00e1sn\u011bj\u0161\u00ed pl\u00e1\u017ee v Evrop\u011b","name":"Do \u0158ecka na nejkr\u00e1sn\u011bj\u0161\u00ed pl\u00e1\u017ee v Evrop\u011b","description":"O \u0158ecku se tvrd\u00ed, \u017ee je nejobl\u00edben\u011bj\u0161\u00ed destinac\u00ed, kam se na dovolenou vyd\u00e1vaj\u00ed \u010ce\u0161i. Jednozna\u010dn\u011b vede p\u0159ed It\u00e1li\u00ed, Chorvatskem a \u0160pan\u011blskem. Pro\u010d tomu tak je &hellip; ","datePublished":"2018-06-18","dateModified":"2023-05-11","author":{"@type":"Person","@id":"https:\/\/www.thtex.cz\/author\/#Person","name":"","url":"https:\/\/www.thtex.cz\/author\/","identifier":1,"image":{"@type":"ImageObject","@id":"https:\/\/secure.gravatar.com\/avatar\/774cfd57496a9f02284489749b4229073861faca9d8a66df7d65507a77c5d31f?s=96&d=mm&r=g","url":"https:\/\/secure.gravatar.com\/avatar\/774cfd57496a9f02284489749b4229073861faca9d8a66df7d65507a77c5d31f?s=96&d=mm&r=g","height":96,"width":96}},"publisher":{"@type":"Organization","name":"thtex.cz","logo":{"@type":"ImageObject","@id":"\/logo.png","url":"\/logo.png","width":600,"height":60}},"image":{"@type":"ImageObject","@id":"https:\/\/www.thtex.cz\/wp-content\/uploads\/img_a319618_w2196_t1530635025.jpg","url":"https:\/\/www.thtex.cz\/wp-content\/uploads\/img_a319618_w2196_t1530635025.jpg","height":0,"width":0},"url":"https:\/\/www.thtex.cz\/do-recka-na-nejkrasnejsi-plaze-v-evrope\/","wordCount":429,"articleBody":"O \u0158ecku se tvrd\u00ed, \u017ee je nejobl\u00edben\u011bj\u0161\u00ed destinac\u00ed, kam se na dovolenou vyd\u00e1vaj\u00ed \u010ce\u0161i. Jednozna\u010dn\u011b vede p\u0159ed It\u00e1li\u00ed, Chorvatskem a \u0160pan\u011blskem. Pro\u010d tomu tak je i p\u0159esto, \u017ee se tato malebn\u00e1 zem\u011b pot\u00fdk\u00e1 s\u00a0ekonomick\u00fdmi probl\u00e9my? D\u016fvod\u016f je v\u00edce, p\u0159edev\u0161\u00edm m\u011bjme na pam\u011bti p\u0159ekr\u00e1sn\u00e9 p\u0159\u00edrodn\u00ed scen\u00e9rie, vynikaj\u00edc\u00ed a zdravou kuchyni a typickou \u0159eckou pohostinnost. D\u00e1 se tedy o\u010dek\u00e1vat i letos, \u017ee budou ji\u017e v\u00a0kv\u011btnu z\u00e1jezdy do t\u00e9to oblasti beznad\u011bjn\u011b vyprodan\u00e9.\tFantastick\u00e9 pl\u00e1\u017eeTi, ke\u0159\u00ed miluj\u00ed soukrom\u00ed, nesn\u00e1\u0161\u00ed p\u0159epln\u011bn\u00e9 lokality a up\u0159ednostn\u00ed p\u0159irozen\u00e9 p\u0159\u00edrodn\u00ed pl\u00e1\u017ee s\u00a0mnoha z\u00e1kout\u00edmi, by m\u011bli vyzkou\u0161et z\u00e1padn\u00ed pob\u0159e\u017e\u00ed ostrova Lefkada. V\u00fdchod ostrova je poset\u00fd hotely a nav\u0161t\u011bvuj\u00ed jej hojn\u011b rodiny s\u00a0mal\u00fdmi d\u011btmi, ov\u0161em z\u00e1padn\u00ed c\u00edp je mnohem klidn\u011bj\u0161\u00ed. Tak\u00e9 je tu v\u00fdstavba hotelov\u00fdch center zak\u00e1z\u00e1na. Paradoxem je, \u017ee zdej\u0161\u00ed pl\u00e1\u017ee jsou pova\u017eov\u00e1ny za v\u016fbec nejexoti\u010dt\u011bj\u0161\u00ed pod\u00edvanou v\u00a0cel\u00e9 Evrop\u011b a p\u0159esto tu tak\u0159ka nikoho nepotk\u00e1te. Ne z\u0159\u00eddka se st\u00e1v\u00e1, \u017ee budete azurov\u00e9 mo\u0159e a \u017ehav\u00e9 slunce na pl\u00e1\u017ei obdivovat sami.\tR\u00e1j pot\u00e1p\u011b\u010d\u016fZa r\u00e1j sportovn\u00edho pot\u00e1p\u011bn\u00ed a pohodov\u00fd kout lze pova\u017eovat ostrov Kalymnos. Jezd\u00ed sem i milovn\u00edci skaln\u00edho lezen\u00ed a pot\u00e1p\u011b\u010di se soust\u0159ed\u00ed p\u0159edev\u0161\u00edm na rozmanit\u00e9 podmo\u0159sk\u00e9 \u00fatesy a jeskyn\u011b. Pod hladinou lze objevit i \u0159adu vrak\u016f lod\u00ed a letadel z\u00a0druh\u00e9 sv\u011btov\u00e9 v\u00e1lky. Malebn\u00e9 pob\u0159e\u017e\u00ed je rovn\u011b\u017e polopr\u00e1zdn\u00e9 a je tu rozhodn\u011b klid.\tPoklidn\u00e1 rodinn\u00e1 dovolen\u00e1Kefalonie pa\u0159\u00ed sice k\u00a0dra\u017e\u0161\u00edm a luxusn\u011bj\u0161\u00edm destinac\u00edm, ov\u0161em ostrov neb\u00fdv\u00e1 p\u0159epln\u011bn\u00fd na rozd\u00edl od klasick\u00fdch m\u00edst, jak\u00fdmi jsou Rhodos nebo Korfu. Naleznete tu pot\u0159ebn\u00e9 pohodl\u00ed pro pohodovou dovolenou s\u00a0d\u011btmi, p\u0159\u00edjemn\u00e9 dlouh\u00e9 pl\u00e1\u017ee mezi skalisky s\u00a0pozvoln\u00fdm vstupem do mo\u0159e.\tPam\u00e1tkov\u00e1 z\u00f3na a klidn\u00e9 koup\u00e1n\u00edB\u00e1jn\u00e9 Delfy a boji\u0161t\u011b u Thermophyl a tak\u00e9 hlavn\u00ed m\u011bsto Ath\u00e9ny budete m\u00edt na dosah v\u00a0Korintsk\u00e9m z\u00e1livu. P\u0159\u00edjemn\u011b v\u00e1s p\u0159ekvap\u00ed tepl\u00e1 voda a koupel v\u00a0klidn\u00e9 z\u00e1toce bez mo\u0159sk\u00e9ho p\u0159\u00edboje. A pam\u00e1tky? Ath\u00e9ny jsou odsud vzd\u00e1leny pouh\u00fdch t\u0159icet kilometr\u016f.                                                                                                                                                                                                                                                                                                                                                                                        4.1\/5 - (7 votes)        "},{"@context":"https:\/\/schema.org\/","@type":"BreadcrumbList","itemListElement":[{"@type":"ListItem","position":1,"name":"Do \u0158ecka na nejkr\u00e1sn\u011bj\u0161\u00ed pl\u00e1\u017ee v Evrop\u011b","item":"https:\/\/www.thtex.cz\/do-recka-na-nejkrasnejsi-plaze-v-evrope\/#breadcrumbitem"}]}]