[{"@context":"https:\/\/schema.org\/","@type":"Article","@id":"https:\/\/www.thtex.cz\/aby-vam-bylo-teplo\/#Article","mainEntityOfPage":"https:\/\/www.thtex.cz\/aby-vam-bylo-teplo\/","headline":"Aby v\u00e1m bylo teplo","name":"Aby v\u00e1m bylo teplo","description":"Kdy\u017e je chladn\u00e9 ro\u010dn\u00ed obdob\u00ed, jist\u011b se nikomu nechce z tepl\u00e9 postele ven. U\u017e jen samotn\u00e9 chozen\u00ed po studen\u00e9 podlaze nen\u00ed nic hezk\u00e9ho, a tak &hellip; ","datePublished":"2024-04-15","dateModified":"2024-04-15","author":{"@type":"Person","@id":"https:\/\/www.thtex.cz\/author\/#Person","name":"","url":"https:\/\/www.thtex.cz\/author\/","identifier":1,"image":{"@type":"ImageObject","@id":"https:\/\/secure.gravatar.com\/avatar\/774cfd57496a9f02284489749b4229073861faca9d8a66df7d65507a77c5d31f?s=96&d=mm&r=g","url":"https:\/\/secure.gravatar.com\/avatar\/774cfd57496a9f02284489749b4229073861faca9d8a66df7d65507a77c5d31f?s=96&d=mm&r=g","height":96,"width":96}},"publisher":{"@type":"Organization","name":"thtex.cz","logo":{"@type":"ImageObject","@id":"\/logo.png","url":"\/logo.png","width":600,"height":60}},"url":"https:\/\/www.thtex.cz\/aby-vam-bylo-teplo\/","wordCount":229,"articleBody":"Kdy\u017e je chladn\u00e9 ro\u010dn\u00ed obdob\u00ed, jist\u011b se nikomu nechce z tepl\u00e9 postele ven. U\u017e jen samotn\u00e9 chozen\u00ed po studen\u00e9 podlaze nen\u00ed nic hezk\u00e9ho, a tak je d\u016fle\u017eit\u00e9 myslet na to, jak na\u0161\u00ed dom\u00e1cnost m\u016f\u017eeme vylep\u0161it. Jestli\u017ee se rozhodnete pr\u00e1v\u011b pro koberce, ud\u011bl\u00e1te skv\u011bl\u00e9 rozhodnut\u00ed. I kdy\u017e v dne\u0161n\u00ed dob\u011b ji\u017e existuje nap\u0159\u00edklad plovouc\u00ed vyh\u0159\u00edvan\u00e1 podlaha, mnoho z n\u00e1s si ji nem\u016f\u017ee dovolit pr\u00e1v\u011b d\u00edky tomu, kolik stoj\u00ed. Pod\u00edvejte se proto na skv\u011blou alternativu, kter\u00e1 je na sv\u011bt\u011b ji\u017e n\u011bkolik tis\u00edc let. D\u00edky koberc\u016fm metr\u00e1\u017e si budete moci zajistit stejn\u011b p\u0159\u00edjemnou a pohodlnou dom\u00e1cnost, jak s vyh\u0159\u00edvan\u00fdmi podlahami.\u017d\u00e1dn\u00e9 zbyte\u010dn\u00e9 starostiAbyste se nemuseli starat o samotn\u00e9 vyh\u0159\u00edv\u00e1n\u00ed a dal\u0161\u00ed z\u00e1le\u017eitosti, je dobr\u00e9 zainvestovat do t\u011bchto produkt\u016f, kter\u00e9 v\u00e1m ud\u011blaj\u00ed obrovskou radost a minim\u00e1ln\u00ed starosti. Je to p\u0159\u00edle\u017eitost hlavn\u011b pro lidi, kte\u0159\u00ed cht\u011bj\u00ed m\u00edt sv\u016fj domov \u00fatuln\u011bj\u0161\u00ed a teplej\u0161\u00ed. Pot\u00e9 bude chozen\u00ed i bez pono\u017eek p\u0159\u00edjemn\u00e9, a v\u017edy budeme p\u0159i do\u0161l\u00e1pnut\u00ed c\u00edtit tu jemnost, kterou n\u00e1m dop\u0159ej\u00ed tyto skv\u011bl\u00e9 produkty, kter\u00e9 si m\u016f\u017eete nechat nam\u011b\u0159it p\u0159esn\u011b pro v\u00e1s byt.                                                                                                                                                                                                                                                                                                                                                                                        3.7\/5 - (12 votes)        "},{"@context":"https:\/\/schema.org\/","@type":"BreadcrumbList","itemListElement":[{"@type":"ListItem","position":1,"name":"Aby v\u00e1m bylo teplo","item":"https:\/\/www.thtex.cz\/aby-vam-bylo-teplo\/#breadcrumbitem"}]}]